
			
				

					
				

			
		{"items":"\n\t\t\t\t\t\t\t\t\t\t\t\n<article id=\"post-7567\" class=\"wd-post blog-design-masonry blog-post-loop blog-style-bg wd-col post-7567 post type-post status-publish format-standard has-post-thumbnail hentry category-cuidado-y-mantenimiento-de-memoriales\">\n\t<div class=\"wd-post-inner article-inner\">\n\t\t\t\t\t<div class=\"wd-post-thumb entry-header\">\n\t\t\t\t\t\t\t\t\t<div class=\"wd-post-img post-img-wrapp\">\n\t\t\t\t\t\t<img width=\"1254\" height=\"1254\" src=\"https:\/\/memorystones.us\/wp-content\/uploads\/2026\/05\/photo_2026-05-04_11-48-01.jpg\" class=\"attachment- size-\" alt=\"Custom granite cemetery headstone - Memory Stones upright memorial monument available in multiple colors&#039;\" decoding=\"async\" fetchpriority=\"high\" srcset=\"https:\/\/memorystones.us\/wp-content\/uploads\/2026\/05\/photo_2026-05-04_11-48-01.jpg 1254w, https:\/\/memorystones.us\/wp-content\/uploads\/2026\/05\/photo_2026-05-04_11-48-01-300x300.jpg 300w, https:\/\/memorystones.us\/wp-content\/uploads\/2026\/05\/photo_2026-05-04_11-48-01-1024x1024.jpg 1024w, https:\/\/memorystones.us\/wp-content\/uploads\/2026\/05\/photo_2026-05-04_11-48-01-150x150.jpg 150w, https:\/\/memorystones.us\/wp-content\/uploads\/2026\/05\/photo_2026-05-04_11-48-01-768x768.jpg 768w, https:\/\/memorystones.us\/wp-content\/uploads\/2026\/05\/photo_2026-05-04_11-48-01-600x600.jpg 600w\" sizes=\"(max-width: 1254px) 100vw, 1254px\" \/>\t\t\t\t\t<\/div>\n\t\t\t\t\t\t\t\t\t\t<a class=\"wd-fill\" tabindex=\"-1\" href=\"https:\/\/memorystones.us\/es\/blog\/cuidado-y-mantenimiento-de-memoriales\/como-proteger-los-marcadores-funerarios-del-desgaste-climatico\/\" aria-label=\"Link on post C\u00f3mo proteger los marcadores funerarios del desgaste clim\u00e1tico\"><\/a>\n\t\t\t\t\n\t\t\t\t\t\t\t<\/div>\n\t\t\n\t\t<div class=\"wd-post-content article-body-container\">\n\t\t\t\n\t\t\t\t\t\t\t<h3 class=\"wd-post-title wd-entities-title title post-title\">\n\t\t\t\t\t<a href=\"https:\/\/memorystones.us\/es\/blog\/cuidado-y-mantenimiento-de-memoriales\/como-proteger-los-marcadores-funerarios-del-desgaste-climatico\/\" rel=\"bookmark\">C\u00f3mo proteger los marcadores funerarios del desgaste clim\u00e1tico<\/a>\n\t\t\t\t<\/h3>\n\t\t\t\n\t\t\t\n\t\t\t\t\t\t\t\n\t\t\t\t\t\t\t\t\t<\/div>\n\t<\/div>\n<\/article>\n\n\t\t\t\t\t\t\t\t\t\t\t\n<article id=\"post-7484\" class=\"wd-post blog-design-masonry blog-post-loop blog-style-bg wd-col post-7484 post type-post status-publish format-standard has-post-thumbnail hentry category-normas-y-regulaciones-del-cementerio\">\n\t<div class=\"wd-post-inner article-inner\">\n\t\t\t\t\t<div class=\"wd-post-thumb entry-header\">\n\t\t\t\t\t\t\t\t\t<div class=\"wd-post-img post-img-wrapp\">\n\t\t\t\t\t\t<img width=\"1254\" height=\"1254\" src=\"https:\/\/memorystones.us\/wp-content\/uploads\/2026\/05\/photo_2026-05-04_10-52-15.jpg\" class=\"attachment- size-\" alt=\"Granite grave marker in stock at Memory Stones - upright memorial headstone with fast nationwide delivery\" decoding=\"async\" srcset=\"https:\/\/memorystones.us\/wp-content\/uploads\/2026\/05\/photo_2026-05-04_10-52-15.jpg 1254w, https:\/\/memorystones.us\/wp-content\/uploads\/2026\/05\/photo_2026-05-04_10-52-15-300x300.jpg 300w, https:\/\/memorystones.us\/wp-content\/uploads\/2026\/05\/photo_2026-05-04_10-52-15-1024x1024.jpg 1024w, https:\/\/memorystones.us\/wp-content\/uploads\/2026\/05\/photo_2026-05-04_10-52-15-150x150.jpg 150w, https:\/\/memorystones.us\/wp-content\/uploads\/2026\/05\/photo_2026-05-04_10-52-15-768x768.jpg 768w, https:\/\/memorystones.us\/wp-content\/uploads\/2026\/05\/photo_2026-05-04_10-52-15-600x600.jpg 600w\" sizes=\"(max-width: 1254px) 100vw, 1254px\" \/>\t\t\t\t\t<\/div>\n\t\t\t\t\t\t\t\t\t\t<a class=\"wd-fill\" tabindex=\"-1\" href=\"https:\/\/memorystones.us\/es\/blog\/normas-y-regulaciones-del-cementerio\/guia-de-normas-de-cementerios-para-lapidas-colocacion-e-instalacion\/\" aria-label=\"Link on post Normas de cementerios para l\u00e1pidas: colocaci\u00f3n e instalaci\u00f3n\"><\/a>\n\t\t\t\t\n\t\t\t\t\t\t\t<\/div>\n\t\t\n\t\t<div class=\"wd-post-content article-body-container\">\n\t\t\t\n\t\t\t\t\t\t\t<h3 class=\"wd-post-title wd-entities-title title post-title\">\n\t\t\t\t\t<a href=\"https:\/\/memorystones.us\/es\/blog\/normas-y-regulaciones-del-cementerio\/guia-de-normas-de-cementerios-para-lapidas-colocacion-e-instalacion\/\" rel=\"bookmark\">Normas de cementerios para l\u00e1pidas: colocaci\u00f3n e instalaci\u00f3n<\/a>\n\t\t\t\t<\/h3>\n\t\t\t\n\t\t\t\n\t\t\t\t\t\t\t\n\t\t\t\t\t\t\t\t\t<\/div>\n\t<\/div>\n<\/article>\n\n\t\t\t\t\t\t\t\t\t\t\t\n<article id=\"post-7482\" class=\"wd-post blog-design-masonry blog-post-loop blog-style-bg wd-col post-7482 post type-post status-publish format-standard has-post-thumbnail hentry category-guias-para-comprar-lapidas\">\n\t<div class=\"wd-post-inner article-inner\">\n\t\t\t\t\t<div class=\"wd-post-thumb entry-header\">\n\t\t\t\t\t\t\t\t\t<div class=\"wd-post-img post-img-wrapp\">\n\t\t\t\t\t\t<img width=\"1254\" height=\"1254\" src=\"https:\/\/memorystones.us\/wp-content\/uploads\/2026\/04\/photo_2026-05-01_09-59-16.webp\" class=\"attachment- size-\" alt=\"Resumen de l\u00e1pidas planas: caracter\u00edsticas, estilos y opciones de materiales\" decoding=\"async\" srcset=\"https:\/\/memorystones.us\/wp-content\/uploads\/2026\/04\/photo_2026-05-01_09-59-16.webp 1254w, https:\/\/memorystones.us\/wp-content\/uploads\/2026\/04\/photo_2026-05-01_09-59-16-300x300.webp 300w, https:\/\/memorystones.us\/wp-content\/uploads\/2026\/04\/photo_2026-05-01_09-59-16-1024x1024.webp 1024w, https:\/\/memorystones.us\/wp-content\/uploads\/2026\/04\/photo_2026-05-01_09-59-16-150x150.webp 150w, https:\/\/memorystones.us\/wp-content\/uploads\/2026\/04\/photo_2026-05-01_09-59-16-768x768.webp 768w, https:\/\/memorystones.us\/wp-content\/uploads\/2026\/04\/photo_2026-05-01_09-59-16-600x600.webp 600w\" sizes=\"(max-width: 1254px) 100vw, 1254px\" \/>\t\t\t\t\t<\/div>\n\t\t\t\t\t\t\t\t\t\t<a class=\"wd-fill\" tabindex=\"-1\" href=\"https:\/\/memorystones.us\/es\/blog\/guias-para-comprar-lapidas\/resumen-de-lapidas-planas-caracteristicas-estilos-y-opciones-de-materiales\/\" aria-label=\"Link on post Resumen de l\u00e1pidas planas: caracter\u00edsticas, estilos y opciones de materiales\"><\/a>\n\t\t\t\t\n\t\t\t\t\t\t\t<\/div>\n\t\t\n\t\t<div class=\"wd-post-content article-body-container\">\n\t\t\t\n\t\t\t\t\t\t\t<h3 class=\"wd-post-title wd-entities-title title post-title\">\n\t\t\t\t\t<a href=\"https:\/\/memorystones.us\/es\/blog\/guias-para-comprar-lapidas\/resumen-de-lapidas-planas-caracteristicas-estilos-y-opciones-de-materiales\/\" rel=\"bookmark\">Resumen de l\u00e1pidas planas: caracter\u00edsticas, estilos y opciones de materiales<\/a>\n\t\t\t\t<\/h3>\n\t\t\t\n\t\t\t\n\t\t\t\t\t\t\t\n\t\t\t\t\t\t\t\t\t<\/div>\n\t<\/div>\n<\/article>\n\n\t\t\t\t\t\t\t\t\t\t\t\n<article id=\"post-7480\" class=\"wd-post blog-design-masonry blog-post-loop blog-style-bg wd-col post-7480 post type-post status-publish format-standard has-post-thumbnail hentry category-ideas-de-grabado-y-personalizacion\">\n\t<div class=\"wd-post-inner article-inner\">\n\t\t\t\t\t<div class=\"wd-post-thumb entry-header\">\n\t\t\t\t\t\t\t\t\t<div class=\"wd-post-img post-img-wrapp\">\n\t\t\t\t\t\t<img width=\"1254\" height=\"1254\" src=\"https:\/\/memorystones.us\/wp-content\/uploads\/2026\/05\/photo_2026-05-04_01-58-00.jpg\" class=\"attachment- size-\" alt=\"C\u00f3mo seleccionar fuentes y organizar el texto para grabados en l\u00e1pidas\" decoding=\"async\" loading=\"lazy\" srcset=\"https:\/\/memorystones.us\/wp-content\/uploads\/2026\/05\/photo_2026-05-04_01-58-00.jpg 1254w, https:\/\/memorystones.us\/wp-content\/uploads\/2026\/05\/photo_2026-05-04_01-58-00-300x300.jpg 300w, https:\/\/memorystones.us\/wp-content\/uploads\/2026\/05\/photo_2026-05-04_01-58-00-1024x1024.jpg 1024w, https:\/\/memorystones.us\/wp-content\/uploads\/2026\/05\/photo_2026-05-04_01-58-00-150x150.jpg 150w, https:\/\/memorystones.us\/wp-content\/uploads\/2026\/05\/photo_2026-05-04_01-58-00-768x768.jpg 768w, https:\/\/memorystones.us\/wp-content\/uploads\/2026\/05\/photo_2026-05-04_01-58-00-600x600.jpg 600w\" sizes=\"auto, (max-width: 1254px) 100vw, 1254px\" \/>\t\t\t\t\t<\/div>\n\t\t\t\t\t\t\t\t\t\t<a class=\"wd-fill\" tabindex=\"-1\" href=\"https:\/\/memorystones.us\/es\/blog\/ideas-de-grabado-y-personalizacion\/como-seleccionar-fuentes-y-organizar-el-texto-para-grabados-en-lapidas\/\" aria-label=\"Link on post C\u00f3mo seleccionar fuentes y organizar el texto para grabados en l\u00e1pidas\"><\/a>\n\t\t\t\t\n\t\t\t\t\t\t\t<\/div>\n\t\t\n\t\t<div class=\"wd-post-content article-body-container\">\n\t\t\t\n\t\t\t\t\t\t\t<h3 class=\"wd-post-title wd-entities-title title post-title\">\n\t\t\t\t\t<a href=\"https:\/\/memorystones.us\/es\/blog\/ideas-de-grabado-y-personalizacion\/como-seleccionar-fuentes-y-organizar-el-texto-para-grabados-en-lapidas\/\" rel=\"bookmark\">C\u00f3mo seleccionar fuentes y organizar el texto para grabados en l\u00e1pidas<\/a>\n\t\t\t\t<\/h3>\n\t\t\t\n\t\t\t\n\t\t\t\t\t\t\t\n\t\t\t\t\t\t\t\t\t<\/div>\n\t<\/div>\n<\/article>\n\n\t\t\t\t\t\t\t\t\t\t\t\n<article id=\"post-7479\" class=\"wd-post blog-design-masonry blog-post-loop blog-style-bg wd-col post-7479 post type-post status-publish format-standard has-post-thumbnail hentry category-ideas-de-grabado-y-personalizacion\">\n\t<div class=\"wd-post-inner article-inner\">\n\t\t\t\t\t<div class=\"wd-post-thumb entry-header\">\n\t\t\t\t\t\t\t\t\t<div class=\"wd-post-img post-img-wrapp\">\n\t\t\t\t\t\t<img width=\"961\" height=\"1280\" src=\"https:\/\/memorystones.us\/wp-content\/uploads\/2026\/01\/photo_2026-04-17_14-11-40.jpg\" class=\"attachment- size-\" alt=\"L\u00e1pida vertical de granito en cementerio con forma rectangular cl\u00e1sica\" decoding=\"async\" loading=\"lazy\" srcset=\"https:\/\/memorystones.us\/wp-content\/uploads\/2026\/01\/photo_2026-04-17_14-11-40.jpg 961w, https:\/\/memorystones.us\/wp-content\/uploads\/2026\/01\/photo_2026-04-17_14-11-40-225x300.jpg 225w, https:\/\/memorystones.us\/wp-content\/uploads\/2026\/01\/photo_2026-04-17_14-11-40-769x1024.jpg 769w, https:\/\/memorystones.us\/wp-content\/uploads\/2026\/01\/photo_2026-04-17_14-11-40-768x1023.jpg 768w, https:\/\/memorystones.us\/wp-content\/uploads\/2026\/01\/photo_2026-04-17_14-11-40-600x799.jpg 600w, https:\/\/memorystones.us\/wp-content\/uploads\/2026\/01\/photo_2026-04-17_14-11-40-150x200.jpg 150w\" sizes=\"auto, (max-width: 961px) 100vw, 961px\" \/>\t\t\t\t\t<\/div>\n\t\t\t\t\t\t\t\t\t\t<a class=\"wd-fill\" tabindex=\"-1\" href=\"https:\/\/memorystones.us\/es\/blog\/ideas-de-grabado-y-personalizacion\/como-personalizar-una-lapida-vertical-con-significado-y-cuidado\/\" aria-label=\"Link on post C\u00f3mo personalizar una l\u00e1pida vertical con significado y cuidado\"><\/a>\n\t\t\t\t\n\t\t\t\t\t\t\t<\/div>\n\t\t\n\t\t<div class=\"wd-post-content article-body-container\">\n\t\t\t\n\t\t\t\t\t\t\t<h3 class=\"wd-post-title wd-entities-title title post-title\">\n\t\t\t\t\t<a href=\"https:\/\/memorystones.us\/es\/blog\/ideas-de-grabado-y-personalizacion\/como-personalizar-una-lapida-vertical-con-significado-y-cuidado\/\" rel=\"bookmark\">C\u00f3mo personalizar una l\u00e1pida vertical con significado y cuidado<\/a>\n\t\t\t\t<\/h3>\n\t\t\t\n\t\t\t\n\t\t\t\t\t\t\t\n\t\t\t\t\t\t\t\t\t<\/div>\n\t<\/div>\n<\/article>\n\n\t\t\t\t\t\t\t\t\t\t\t\n<article id=\"post-7477\" class=\"wd-post blog-design-masonry blog-post-loop blog-style-bg wd-col post-7477 post type-post status-publish format-standard has-post-thumbnail hentry category-como-elegir-el-material-adecuado\">\n\t<div class=\"wd-post-inner article-inner\">\n\t\t\t\t\t<div class=\"wd-post-thumb entry-header\">\n\t\t\t\t\t\t\t\t\t<div class=\"wd-post-img post-img-wrapp\">\n\t\t\t\t\t\t<img width=\"961\" height=\"1280\" src=\"https:\/\/memorystones.us\/wp-content\/uploads\/2026\/01\/photo_2026-04-17_14-11-40.jpg\" class=\"attachment- size-\" alt=\"L\u00e1pida vertical de granito en cementerio con forma rectangular cl\u00e1sica\" decoding=\"async\" loading=\"lazy\" srcset=\"https:\/\/memorystones.us\/wp-content\/uploads\/2026\/01\/photo_2026-04-17_14-11-40.jpg 961w, https:\/\/memorystones.us\/wp-content\/uploads\/2026\/01\/photo_2026-04-17_14-11-40-225x300.jpg 225w, https:\/\/memorystones.us\/wp-content\/uploads\/2026\/01\/photo_2026-04-17_14-11-40-769x1024.jpg 769w, https:\/\/memorystones.us\/wp-content\/uploads\/2026\/01\/photo_2026-04-17_14-11-40-768x1023.jpg 768w, https:\/\/memorystones.us\/wp-content\/uploads\/2026\/01\/photo_2026-04-17_14-11-40-600x799.jpg 600w, https:\/\/memorystones.us\/wp-content\/uploads\/2026\/01\/photo_2026-04-17_14-11-40-150x200.jpg 150w\" sizes=\"auto, (max-width: 961px) 100vw, 961px\" \/>\t\t\t\t\t<\/div>\n\t\t\t\t\t\t\t\t\t\t<a class=\"wd-fill\" tabindex=\"-1\" href=\"https:\/\/memorystones.us\/es\/blog\/como-elegir-el-material-adecuado\/son-las-lapidas-verticales-mejores-para-la-durabilidad-a-largo-plazo\/\" aria-label=\"Link on post \u00bfSon las l\u00e1pidas verticales mejores para la durabilidad a largo plazo?\"><\/a>\n\t\t\t\t\n\t\t\t\t\t\t\t<\/div>\n\t\t\n\t\t<div class=\"wd-post-content article-body-container\">\n\t\t\t\n\t\t\t\t\t\t\t<h3 class=\"wd-post-title wd-entities-title title post-title\">\n\t\t\t\t\t<a href=\"https:\/\/memorystones.us\/es\/blog\/como-elegir-el-material-adecuado\/son-las-lapidas-verticales-mejores-para-la-durabilidad-a-largo-plazo\/\" rel=\"bookmark\">\u00bfSon las l\u00e1pidas verticales mejores para la durabilidad a largo plazo?<\/a>\n\t\t\t\t<\/h3>\n\t\t\t\n\t\t\t\n\t\t\t\t\t\t\t\n\t\t\t\t\t\t\t\t\t<\/div>\n\t<\/div>\n<\/article>\n\n\t\t\t\t\t\t\t\t\t\t\t\n<article id=\"post-7475\" class=\"wd-post blog-design-masonry blog-post-loop blog-style-bg wd-col post-7475 post type-post status-publish format-standard has-post-thumbnail hentry category-ideas-de-grabado-y-personalizacion\">\n\t<div class=\"wd-post-inner article-inner\">\n\t\t\t\t\t<div class=\"wd-post-thumb entry-header\">\n\t\t\t\t\t\t\t\t\t<div class=\"wd-post-img post-img-wrapp\">\n\t\t\t\t\t\t<img width=\"1280\" height=\"1037\" src=\"https:\/\/memorystones.us\/wp-content\/uploads\/2026\/02\/photo_2026-02-13_21-13-01.jpg\" class=\"attachment- size-\" alt=\"L\u00e1pidas verticales: elementos de dise\u00f1o culturales y religiosos\" decoding=\"async\" loading=\"lazy\" srcset=\"https:\/\/memorystones.us\/wp-content\/uploads\/2026\/02\/photo_2026-02-13_21-13-01.jpg 1280w, https:\/\/memorystones.us\/wp-content\/uploads\/2026\/02\/photo_2026-02-13_21-13-01-300x243.jpg 300w, https:\/\/memorystones.us\/wp-content\/uploads\/2026\/02\/photo_2026-02-13_21-13-01-1024x830.jpg 1024w, https:\/\/memorystones.us\/wp-content\/uploads\/2026\/02\/photo_2026-02-13_21-13-01-768x622.jpg 768w, https:\/\/memorystones.us\/wp-content\/uploads\/2026\/02\/photo_2026-02-13_21-13-01-600x486.jpg 600w, https:\/\/memorystones.us\/wp-content\/uploads\/2026\/02\/photo_2026-02-13_21-13-01-150x122.jpg 150w\" sizes=\"auto, (max-width: 1280px) 100vw, 1280px\" \/>\t\t\t\t\t<\/div>\n\t\t\t\t\t\t\t\t\t\t<a class=\"wd-fill\" tabindex=\"-1\" href=\"https:\/\/memorystones.us\/es\/blog\/ideas-de-grabado-y-personalizacion\/lapidas-verticales-elementos-de-diseno-culturales-y-religiosos\/\" aria-label=\"Link on post L\u00e1pidas verticales: elementos de dise\u00f1o culturales y religiosos\"><\/a>\n\t\t\t\t\n\t\t\t\t\t\t\t<\/div>\n\t\t\n\t\t<div class=\"wd-post-content article-body-container\">\n\t\t\t\n\t\t\t\t\t\t\t<h3 class=\"wd-post-title wd-entities-title title post-title\">\n\t\t\t\t\t<a href=\"https:\/\/memorystones.us\/es\/blog\/ideas-de-grabado-y-personalizacion\/lapidas-verticales-elementos-de-diseno-culturales-y-religiosos\/\" rel=\"bookmark\">L\u00e1pidas verticales: elementos de dise\u00f1o culturales y religiosos<\/a>\n\t\t\t\t<\/h3>\n\t\t\t\n\t\t\t\n\t\t\t\t\t\t\t\n\t\t\t\t\t\t\t\t\t<\/div>\n\t<\/div>\n<\/article>\n\n\t\t\t\t\t\t\t\t\t\t\t\n<article id=\"post-7473\" class=\"wd-post blog-design-masonry blog-post-loop blog-style-bg wd-col post-7473 post type-post status-publish format-standard has-post-thumbnail hentry category-como-elegir-el-material-adecuado\">\n\t<div class=\"wd-post-inner article-inner\">\n\t\t\t\t\t<div class=\"wd-post-thumb entry-header\">\n\t\t\t\t\t\t\t\t\t<div class=\"wd-post-img post-img-wrapp\">\n\t\t\t\t\t\t<img width=\"768\" height=\"622\" src=\"https:\/\/memorystones.us\/wp-content\/uploads\/2026\/04\/photo_2026-04-17_08-35-49.jpg\" class=\"attachment- size-\" alt=\"Heart-shaped granite headstone with polished finish in cemetery\" decoding=\"async\" loading=\"lazy\" srcset=\"https:\/\/memorystones.us\/wp-content\/uploads\/2026\/04\/photo_2026-04-17_08-35-49.jpg 768w, https:\/\/memorystones.us\/wp-content\/uploads\/2026\/04\/photo_2026-04-17_08-35-49-300x243.jpg 300w, https:\/\/memorystones.us\/wp-content\/uploads\/2026\/04\/photo_2026-04-17_08-35-49-600x486.jpg 600w, https:\/\/memorystones.us\/wp-content\/uploads\/2026\/04\/photo_2026-04-17_08-35-49-150x121.jpg 150w\" sizes=\"auto, (max-width: 768px) 100vw, 768px\" \/>\t\t\t\t\t<\/div>\n\t\t\t\t\t\t\t\t\t\t<a class=\"wd-fill\" tabindex=\"-1\" href=\"https:\/\/memorystones.us\/es\/blog\/como-elegir-el-material-adecuado\/lapidas-verticales-como-elegir-el-tamano-y-la-forma-adecuados\/\" aria-label=\"Link on post L\u00e1pidas verticales: c\u00f3mo elegir el tama\u00f1o y la forma adecuados\"><\/a>\n\t\t\t\t\n\t\t\t\t\t\t\t<\/div>\n\t\t\n\t\t<div class=\"wd-post-content article-body-container\">\n\t\t\t\n\t\t\t\t\t\t\t<h3 class=\"wd-post-title wd-entities-title title post-title\">\n\t\t\t\t\t<a href=\"https:\/\/memorystones.us\/es\/blog\/como-elegir-el-material-adecuado\/lapidas-verticales-como-elegir-el-tamano-y-la-forma-adecuados\/\" rel=\"bookmark\">L\u00e1pidas verticales: c\u00f3mo elegir el tama\u00f1o y la forma adecuados<\/a>\n\t\t\t\t<\/h3>\n\t\t\t\n\t\t\t\n\t\t\t\t\t\t\t\n\t\t\t\t\t\t\t\t\t<\/div>\n\t<\/div>\n<\/article>\n\n\t\t\t\t\t\t\t\t\t\t\t\n<article id=\"post-7471\" class=\"wd-post blog-design-masonry blog-post-loop blog-style-bg wd-col post-7471 post type-post status-publish format-standard has-post-thumbnail hentry category-ideas-de-grabado-y-personalizacion\">\n\t<div class=\"wd-post-inner article-inner\">\n\t\t\t\t\t<div class=\"wd-post-thumb entry-header\">\n\t\t\t\t\t\t\t\t\t<div class=\"wd-post-img post-img-wrapp\">\n\t\t\t\t\t\t<img width=\"1536\" height=\"1024\" src=\"https:\/\/memorystones.us\/wp-content\/uploads\/2026\/04\/ChatGPT-Image-16-\u0430\u043f\u0440.-2026-\u0433.-12_19_17.png\" class=\"attachment- size-\" alt=\"Personalized Memorial Stones for Gardens: Creating a Meaningful Outdoor Tribute\" decoding=\"async\" loading=\"lazy\" srcset=\"https:\/\/memorystones.us\/wp-content\/uploads\/2026\/04\/ChatGPT-Image-16-\u0430\u043f\u0440.-2026-\u0433.-12_19_17.png 1536w, https:\/\/memorystones.us\/wp-content\/uploads\/2026\/04\/ChatGPT-Image-16-\u0430\u043f\u0440.-2026-\u0433.-12_19_17-300x200.png 300w, https:\/\/memorystones.us\/wp-content\/uploads\/2026\/04\/ChatGPT-Image-16-\u0430\u043f\u0440.-2026-\u0433.-12_19_17-1024x683.png 1024w, https:\/\/memorystones.us\/wp-content\/uploads\/2026\/04\/ChatGPT-Image-16-\u0430\u043f\u0440.-2026-\u0433.-12_19_17-768x512.png 768w, https:\/\/memorystones.us\/wp-content\/uploads\/2026\/04\/ChatGPT-Image-16-\u0430\u043f\u0440.-2026-\u0433.-12_19_17-600x400.png 600w, https:\/\/memorystones.us\/wp-content\/uploads\/2026\/04\/ChatGPT-Image-16-\u0430\u043f\u0440.-2026-\u0433.-12_19_17-150x100.png 150w\" sizes=\"auto, (max-width: 1536px) 100vw, 1536px\" \/>\t\t\t\t\t<\/div>\n\t\t\t\t\t\t\t\t\t\t<a class=\"wd-fill\" tabindex=\"-1\" href=\"https:\/\/memorystones.us\/es\/blog\/ideas-de-grabado-y-personalizacion\/piedras-conmemorativas-personalizadas-para-jardines-crear-un-homenaje-exterior-significativo\/\" aria-label=\"Link on post Piedras conmemorativas personalizadas para jardines: crear un homenaje exterior significativo\"><\/a>\n\t\t\t\t\n\t\t\t\t\t\t\t<\/div>\n\t\t\n\t\t<div class=\"wd-post-content article-body-container\">\n\t\t\t\n\t\t\t\t\t\t\t<h3 class=\"wd-post-title wd-entities-title title post-title\">\n\t\t\t\t\t<a href=\"https:\/\/memorystones.us\/es\/blog\/ideas-de-grabado-y-personalizacion\/piedras-conmemorativas-personalizadas-para-jardines-crear-un-homenaje-exterior-significativo\/\" rel=\"bookmark\">Piedras conmemorativas personalizadas para jardines: crear un homenaje exterior significativo<\/a>\n\t\t\t\t<\/h3>\n\t\t\t\n\t\t\t\n\t\t\t\t\t\t\t\n\t\t\t\t\t\t\t\t\t<\/div>\n\t<\/div>\n<\/article>\n\n\t\t\t\t\t\t\t\t\t\t\t\n<article id=\"post-7469\" class=\"wd-post blog-design-masonry blog-post-loop blog-style-bg wd-col post-7469 post type-post status-publish format-standard has-post-thumbnail hentry category-guias-para-comprar-lapidas\">\n\t<div class=\"wd-post-inner article-inner\">\n\t\t\t\t\t<div class=\"wd-post-thumb entry-header\">\n\t\t\t\t\t\t\t\t\t<div class=\"wd-post-img post-img-wrapp\">\n\t\t\t\t\t\t<img width=\"1536\" height=\"1024\" src=\"https:\/\/memorystones.us\/wp-content\/uploads\/2026\/04\/ChatGPT-Image-16-\u0430\u043f\u0440.-2026-\u0433.-11_48_57.png\" class=\"attachment- size-\" alt=\"Affordable Memorial Stones Near Me: What to Expect Before You Choose\" decoding=\"async\" loading=\"lazy\" srcset=\"https:\/\/memorystones.us\/wp-content\/uploads\/2026\/04\/ChatGPT-Image-16-\u0430\u043f\u0440.-2026-\u0433.-11_48_57.png 1536w, https:\/\/memorystones.us\/wp-content\/uploads\/2026\/04\/ChatGPT-Image-16-\u0430\u043f\u0440.-2026-\u0433.-11_48_57-300x200.png 300w, https:\/\/memorystones.us\/wp-content\/uploads\/2026\/04\/ChatGPT-Image-16-\u0430\u043f\u0440.-2026-\u0433.-11_48_57-1024x683.png 1024w, https:\/\/memorystones.us\/wp-content\/uploads\/2026\/04\/ChatGPT-Image-16-\u0430\u043f\u0440.-2026-\u0433.-11_48_57-768x512.png 768w, https:\/\/memorystones.us\/wp-content\/uploads\/2026\/04\/ChatGPT-Image-16-\u0430\u043f\u0440.-2026-\u0433.-11_48_57-600x400.png 600w, https:\/\/memorystones.us\/wp-content\/uploads\/2026\/04\/ChatGPT-Image-16-\u0430\u043f\u0440.-2026-\u0433.-11_48_57-150x100.png 150w\" sizes=\"auto, (max-width: 1536px) 100vw, 1536px\" \/>\t\t\t\t\t<\/div>\n\t\t\t\t\t\t\t\t\t\t<a class=\"wd-fill\" tabindex=\"-1\" href=\"https:\/\/memorystones.us\/es\/blog\/guias-para-comprar-lapidas\/piedras-conmemorativas-economicas-cerca-de-mi-que-esperar-antes-de-elegir\/\" aria-label=\"Link on post Piedras conmemorativas econ\u00f3micas cerca de m\u00ed: qu\u00e9 esperar antes de elegir\"><\/a>\n\t\t\t\t\n\t\t\t\t\t\t\t<\/div>\n\t\t\n\t\t<div class=\"wd-post-content article-body-container\">\n\t\t\t\n\t\t\t\t\t\t\t<h3 class=\"wd-post-title wd-entities-title title post-title\">\n\t\t\t\t\t<a href=\"https:\/\/memorystones.us\/es\/blog\/guias-para-comprar-lapidas\/piedras-conmemorativas-economicas-cerca-de-mi-que-esperar-antes-de-elegir\/\" rel=\"bookmark\">Piedras conmemorativas econ\u00f3micas cerca de m\u00ed: qu\u00e9 esperar antes de elegir<\/a>\n\t\t\t\t<\/h3>\n\t\t\t\n\t\t\t\n\t\t\t\t\t\t\t\n\t\t\t\t\t\t\t\t\t<\/div>\n\t<\/div>\n<\/article>\n\n\t\t\t\t\t\n\t\t\t\t\t","status":"have-posts","nextPage":"https:\/\/memorystones.us\/es\/blog\/page\/6\/?woo_ajax=1","currentPage":"https:\/\/memorystones.us\/es\/blog\/page\/5\/"}