
			
				

					
				

			
		{"items":"\n\t\t\t\t\t\t\t\t\t\t\t\n<article id=\"post-10344\" class=\"wd-post blog-design-masonry blog-post-loop blog-style-bg wd-col post-10344 post type-post status-publish format-standard has-post-thumbnail hentry category-ideas-de-grabado-y-personalizacion\">\n\t<div class=\"wd-post-inner article-inner\">\n\t\t\t\t\t<div class=\"wd-post-thumb entry-header\">\n\t\t\t\t\t\t\t\t\t<div class=\"wd-post-img post-img-wrapp\">\n\t\t\t\t\t\t<img width=\"1402\" height=\"1122\" src=\"https:\/\/memorystones.us\/wp-content\/uploads\/2026\/04\/29-\u0430\u043f\u0440.-2026-\u0433.-19_11_05.png\" class=\"attachment- size-\" alt=\"Respuestas a preguntas sobre el curso \u00abTipograf\u00edas para l\u00e1pidas en las que conf\u00eda un tallador de piedra\u00bb\" decoding=\"async\" fetchpriority=\"high\" srcset=\"https:\/\/memorystones.us\/wp-content\/uploads\/2026\/04\/29-\u0430\u043f\u0440.-2026-\u0433.-19_11_05.png 1402w, https:\/\/memorystones.us\/wp-content\/uploads\/2026\/04\/29-\u0430\u043f\u0440.-2026-\u0433.-19_11_05-300x240.png 300w, https:\/\/memorystones.us\/wp-content\/uploads\/2026\/04\/29-\u0430\u043f\u0440.-2026-\u0433.-19_11_05-1024x819.png 1024w, https:\/\/memorystones.us\/wp-content\/uploads\/2026\/04\/29-\u0430\u043f\u0440.-2026-\u0433.-19_11_05-768x615.png 768w, https:\/\/memorystones.us\/wp-content\/uploads\/2026\/04\/29-\u0430\u043f\u0440.-2026-\u0433.-19_11_05-600x480.png 600w, https:\/\/memorystones.us\/wp-content\/uploads\/2026\/04\/29-\u0430\u043f\u0440.-2026-\u0433.-19_11_05-150x120.png 150w\" sizes=\"(max-width: 1402px) 100vw, 1402px\" \/>\t\t\t\t\t<\/div>\n\t\t\t\t\t\t\t\t\t\t<a class=\"wd-fill\" tabindex=\"-1\" href=\"https:\/\/memorystones.us\/es\/blog\/ideas-de-grabado-y-personalizacion\/respuestas-a-preguntas-sobre-el-curso-tipografias-para-lapidas-en-las-que-confia-un-tallador-de-piedra\/\" aria-label=\"Link on post Respuestas a preguntas sobre el curso \u00abTipograf\u00edas para l\u00e1pidas en las que conf\u00eda un tallador de piedra\u00bb\"><\/a>\n\t\t\t\t\n\t\t\t\t\t\t\t<\/div>\n\t\t\n\t\t<div class=\"wd-post-content article-body-container\">\n\t\t\t\n\t\t\t\t\t\t\t<h3 class=\"wd-post-title wd-entities-title title post-title\">\n\t\t\t\t\t<a href=\"https:\/\/memorystones.us\/es\/blog\/ideas-de-grabado-y-personalizacion\/respuestas-a-preguntas-sobre-el-curso-tipografias-para-lapidas-en-las-que-confia-un-tallador-de-piedra\/\" rel=\"bookmark\">Respuestas a preguntas sobre el curso \u00abTipograf\u00edas para l\u00e1pidas en las que conf\u00eda un tallador de piedra\u00bb<\/a>\n\t\t\t\t<\/h3>\n\t\t\t\n\t\t\t\n\t\t\t\t\t\t\t\n\t\t\t\t\t\t\t\t\t<\/div>\n\t<\/div>\n<\/article>\n\n\t\t\t\t\t\t\t\t\t\t\t\n<article id=\"post-10056\" class=\"wd-post blog-design-masonry blog-post-loop blog-style-bg wd-col post-10056 post type-post status-publish format-standard has-post-thumbnail hentry category-ideas-de-grabado-y-personalizacion\">\n\t<div class=\"wd-post-inner article-inner\">\n\t\t\t\t\t<div class=\"wd-post-thumb entry-header\">\n\t\t\t\t\t\t\t\t\t<div class=\"wd-post-img post-img-wrapp\">\n\t\t\t\t\t\t<img width=\"1254\" height=\"1254\" src=\"https:\/\/memorystones.us\/wp-content\/uploads\/2026\/05\/photo_2026-05-05_16-44-15.jpg\" class=\"attachment- size-\" alt=\"Dise\u00f1os personalizados de l\u00e1pidas y placas conmemorativas\" decoding=\"async\" srcset=\"https:\/\/memorystones.us\/wp-content\/uploads\/2026\/05\/photo_2026-05-05_16-44-15.jpg 1254w, https:\/\/memorystones.us\/wp-content\/uploads\/2026\/05\/photo_2026-05-05_16-44-15-300x300.jpg 300w, https:\/\/memorystones.us\/wp-content\/uploads\/2026\/05\/photo_2026-05-05_16-44-15-1024x1024.jpg 1024w, https:\/\/memorystones.us\/wp-content\/uploads\/2026\/05\/photo_2026-05-05_16-44-15-150x150.jpg 150w, https:\/\/memorystones.us\/wp-content\/uploads\/2026\/05\/photo_2026-05-05_16-44-15-768x768.jpg 768w, https:\/\/memorystones.us\/wp-content\/uploads\/2026\/05\/photo_2026-05-05_16-44-15-600x600.jpg 600w\" sizes=\"(max-width: 1254px) 100vw, 1254px\" \/>\t\t\t\t\t<\/div>\n\t\t\t\t\t\t\t\t\t\t<a class=\"wd-fill\" tabindex=\"-1\" href=\"https:\/\/memorystones.us\/es\/blog\/ideas-de-grabado-y-personalizacion\/disenos-personalizados-de-lapidas-y-placas-conmemorativas\/\" aria-label=\"Link on post Dise\u00f1os personalizados de l\u00e1pidas y placas conmemorativas\"><\/a>\n\t\t\t\t\n\t\t\t\t\t\t\t<\/div>\n\t\t\n\t\t<div class=\"wd-post-content article-body-container\">\n\t\t\t\n\t\t\t\t\t\t\t<h3 class=\"wd-post-title wd-entities-title title post-title\">\n\t\t\t\t\t<a href=\"https:\/\/memorystones.us\/es\/blog\/ideas-de-grabado-y-personalizacion\/disenos-personalizados-de-lapidas-y-placas-conmemorativas\/\" rel=\"bookmark\">Dise\u00f1os personalizados de l\u00e1pidas y placas conmemorativas<\/a>\n\t\t\t\t<\/h3>\n\t\t\t\n\t\t\t\n\t\t\t\t\t\t\t\n\t\t\t\t\t\t\t\t\t<\/div>\n\t<\/div>\n<\/article>\n\n\t\t\t\t\t\t\t\t\t\t\t\n<article id=\"post-10050\" class=\"wd-post blog-design-masonry blog-post-loop blog-style-bg wd-col post-10050 post type-post status-publish format-standard hentry category-ideas-de-grabado-y-personalizacion\">\n\t<div class=\"wd-post-inner article-inner\">\n\t\t\n\t\t<div class=\"wd-post-content article-body-container\">\n\t\t\t\n\t\t\t\t\t\t\t<h3 class=\"wd-post-title wd-entities-title title post-title\">\n\t\t\t\t\t<a href=\"https:\/\/memorystones.us\/es\/blog\/ideas-de-grabado-y-personalizacion\/grabado-de-lapidas-cerca-de-mi\/\" rel=\"bookmark\">Grabado de l\u00e1pidas cerca de m\u00ed<\/a>\n\t\t\t\t<\/h3>\n\t\t\t\n\t\t\t\n\t\t\t\t\t\t\t\n\t\t\t\t\t\t\t\t\t<\/div>\n\t<\/div>\n<\/article>\n\n\t\t\t\t\t\t\t\t\t\t\t\n<article id=\"post-10042\" class=\"wd-post blog-design-masonry blog-post-loop blog-style-bg wd-col post-10042 post type-post status-publish format-standard has-post-thumbnail hentry category-ideas-de-grabado-y-personalizacion\">\n\t<div class=\"wd-post-inner article-inner\">\n\t\t\t\t\t<div class=\"wd-post-thumb entry-header\">\n\t\t\t\t\t\t\t\t\t<div class=\"wd-post-img post-img-wrapp\">\n\t\t\t\t\t\t<img width=\"1254\" height=\"1254\" src=\"https:\/\/memorystones.us\/wp-content\/uploads\/2026\/02\/Angel-shape-headstones.jpg\" class=\"attachment- size-\" alt=\"Ideas para l\u00e1pidas personalizadas e inspiraci\u00f3n para el dise\u00f1o de monumentos conmemorativos\" decoding=\"async\" srcset=\"https:\/\/memorystones.us\/wp-content\/uploads\/2026\/02\/Angel-shape-headstones.jpg 1254w, https:\/\/memorystones.us\/wp-content\/uploads\/2026\/02\/Angel-shape-headstones-300x300.jpg 300w, https:\/\/memorystones.us\/wp-content\/uploads\/2026\/02\/Angel-shape-headstones-1024x1024.jpg 1024w, https:\/\/memorystones.us\/wp-content\/uploads\/2026\/02\/Angel-shape-headstones-150x150.jpg 150w, https:\/\/memorystones.us\/wp-content\/uploads\/2026\/02\/Angel-shape-headstones-768x768.jpg 768w, https:\/\/memorystones.us\/wp-content\/uploads\/2026\/02\/Angel-shape-headstones-600x600.jpg 600w\" sizes=\"(max-width: 1254px) 100vw, 1254px\" \/>\t\t\t\t\t<\/div>\n\t\t\t\t\t\t\t\t\t\t<a class=\"wd-fill\" tabindex=\"-1\" href=\"https:\/\/memorystones.us\/es\/blog\/ideas-de-grabado-y-personalizacion\/ideas-para-lapidas-personalizadas-e-inspiracion-para-el-diseno-de-monumentos-conmemorativos\/\" aria-label=\"Link on post Ideas para l\u00e1pidas personalizadas e inspiraci\u00f3n para el dise\u00f1o de monumentos conmemorativos\"><\/a>\n\t\t\t\t\n\t\t\t\t\t\t\t<\/div>\n\t\t\n\t\t<div class=\"wd-post-content article-body-container\">\n\t\t\t\n\t\t\t\t\t\t\t<h3 class=\"wd-post-title wd-entities-title title post-title\">\n\t\t\t\t\t<a href=\"https:\/\/memorystones.us\/es\/blog\/ideas-de-grabado-y-personalizacion\/ideas-para-lapidas-personalizadas-e-inspiracion-para-el-diseno-de-monumentos-conmemorativos\/\" rel=\"bookmark\">Ideas para l\u00e1pidas personalizadas e inspiraci\u00f3n para el dise\u00f1o de monumentos conmemorativos<\/a>\n\t\t\t\t<\/h3>\n\t\t\t\n\t\t\t\n\t\t\t\t\t\t\t\n\t\t\t\t\t\t\t\t\t<\/div>\n\t<\/div>\n<\/article>\n\n\t\t\t\t\t\t\t\t\t\t\t\n<article id=\"post-10028\" class=\"wd-post blog-design-masonry blog-post-loop blog-style-bg wd-col post-10028 post type-post status-publish format-standard has-post-thumbnail hentry category-ideas-de-grabado-y-personalizacion category-como-elegir-el-material-adecuado\">\n\t<div class=\"wd-post-inner article-inner\">\n\t\t\t\t\t<div class=\"wd-post-thumb entry-header\">\n\t\t\t\t\t\t\t\t\t<div class=\"wd-post-img post-img-wrapp\">\n\t\t\t\t\t\t<img width=\"1024\" height=\"1024\" src=\"https:\/\/memorystones.us\/wp-content\/uploads\/2026\/03\/granite-headstone-in-a-serene-cemetery-setting-highlighting-durability-and-beauty-8553f08d-1588-41a6-89f8-0f9ab50d1d52.jpg\" class=\"attachment- size-\" alt=\"Lifespan of Affordable Headstones\" decoding=\"async\" loading=\"lazy\" srcset=\"https:\/\/memorystones.us\/wp-content\/uploads\/2026\/03\/granite-headstone-in-a-serene-cemetery-setting-highlighting-durability-and-beauty-8553f08d-1588-41a6-89f8-0f9ab50d1d52.jpg 1024w, https:\/\/memorystones.us\/wp-content\/uploads\/2026\/03\/granite-headstone-in-a-serene-cemetery-setting-highlighting-durability-and-beauty-8553f08d-1588-41a6-89f8-0f9ab50d1d52-300x300.jpg 300w, https:\/\/memorystones.us\/wp-content\/uploads\/2026\/03\/granite-headstone-in-a-serene-cemetery-setting-highlighting-durability-and-beauty-8553f08d-1588-41a6-89f8-0f9ab50d1d52-150x150.jpg 150w, https:\/\/memorystones.us\/wp-content\/uploads\/2026\/03\/granite-headstone-in-a-serene-cemetery-setting-highlighting-durability-and-beauty-8553f08d-1588-41a6-89f8-0f9ab50d1d52-768x768.jpg 768w, https:\/\/memorystones.us\/wp-content\/uploads\/2026\/03\/granite-headstone-in-a-serene-cemetery-setting-highlighting-durability-and-beauty-8553f08d-1588-41a6-89f8-0f9ab50d1d52-600x600.jpg 600w\" sizes=\"auto, (max-width: 1024px) 100vw, 1024px\" \/>\t\t\t\t\t<\/div>\n\t\t\t\t\t\t\t\t\t\t<a class=\"wd-fill\" tabindex=\"-1\" href=\"https:\/\/memorystones.us\/es\/blog\/ideas-de-grabado-y-personalizacion\/imagenes-de-lapidas-personalizadas\/\" aria-label=\"Link on post Im\u00e1genes de l\u00e1pidas personalizadas\"><\/a>\n\t\t\t\t\n\t\t\t\t\t\t\t<\/div>\n\t\t\n\t\t<div class=\"wd-post-content article-body-container\">\n\t\t\t\n\t\t\t\t\t\t\t<h3 class=\"wd-post-title wd-entities-title title post-title\">\n\t\t\t\t\t<a href=\"https:\/\/memorystones.us\/es\/blog\/ideas-de-grabado-y-personalizacion\/imagenes-de-lapidas-personalizadas\/\" rel=\"bookmark\">Im\u00e1genes de l\u00e1pidas personalizadas<\/a>\n\t\t\t\t<\/h3>\n\t\t\t\n\t\t\t\n\t\t\t\t\t\t\t\n\t\t\t\t\t\t\t\t\t<\/div>\n\t<\/div>\n<\/article>\n\n\t\t\t\t\t\t\t\t\t\t\t\n<article id=\"post-10020\" class=\"wd-post blog-design-masonry blog-post-loop blog-style-bg wd-col post-10020 post type-post status-publish format-standard has-post-thumbnail hentry category-ideas-de-grabado-y-personalizacion\">\n\t<div class=\"wd-post-inner article-inner\">\n\t\t\t\t\t<div class=\"wd-post-thumb entry-header\">\n\t\t\t\t\t\t\t\t\t<div class=\"wd-post-img post-img-wrapp\">\n\t\t\t\t\t\t<img width=\"1280\" height=\"1024\" src=\"https:\/\/memorystones.us\/wp-content\/uploads\/2026\/04\/photo_2026-04-22_19-14-29.jpg\" class=\"attachment- size-\" alt=\"Respuestas a las preguntas sobre el curso\" decoding=\"async\" loading=\"lazy\" srcset=\"https:\/\/memorystones.us\/wp-content\/uploads\/2026\/04\/photo_2026-04-22_19-14-29.jpg 1280w, https:\/\/memorystones.us\/wp-content\/uploads\/2026\/04\/photo_2026-04-22_19-14-29-300x240.jpg 300w, https:\/\/memorystones.us\/wp-content\/uploads\/2026\/04\/photo_2026-04-22_19-14-29-1024x819.jpg 1024w, https:\/\/memorystones.us\/wp-content\/uploads\/2026\/04\/photo_2026-04-22_19-14-29-768x614.jpg 768w, https:\/\/memorystones.us\/wp-content\/uploads\/2026\/04\/photo_2026-04-22_19-14-29-600x480.jpg 600w, https:\/\/memorystones.us\/wp-content\/uploads\/2026\/04\/photo_2026-04-22_19-14-29-150x120.jpg 150w\" sizes=\"auto, (max-width: 1280px) 100vw, 1280px\" \/>\t\t\t\t\t<\/div>\n\t\t\t\t\t\t\t\t\t\t<a class=\"wd-fill\" tabindex=\"-1\" href=\"https:\/\/memorystones.us\/es\/blog\/ideas-de-grabado-y-personalizacion\/respuestas-a-las-preguntas-sobre-el-curso\/\" aria-label=\"Link on post Respuestas a las preguntas sobre el curso\"><\/a>\n\t\t\t\t\n\t\t\t\t\t\t\t<\/div>\n\t\t\n\t\t<div class=\"wd-post-content article-body-container\">\n\t\t\t\n\t\t\t\t\t\t\t<h3 class=\"wd-post-title wd-entities-title title post-title\">\n\t\t\t\t\t<a href=\"https:\/\/memorystones.us\/es\/blog\/ideas-de-grabado-y-personalizacion\/respuestas-a-las-preguntas-sobre-el-curso\/\" rel=\"bookmark\">Respuestas a las preguntas sobre el curso<\/a>\n\t\t\t\t<\/h3>\n\t\t\t\n\t\t\t\n\t\t\t\t\t\t\t\n\t\t\t\t\t\t\t\t\t<\/div>\n\t<\/div>\n<\/article>\n\n\t\t\t\t\t\t\t\t\t\t\t\n<article id=\"post-9966\" class=\"wd-post blog-design-masonry blog-post-loop blog-style-bg wd-col post-9966 post type-post status-publish format-standard hentry category-ideas-de-grabado-y-personalizacion\">\n\t<div class=\"wd-post-inner article-inner\">\n\t\t\n\t\t<div class=\"wd-post-content article-body-container\">\n\t\t\t\n\t\t\t\t\t\t\t<h3 class=\"wd-post-title wd-entities-title title post-title\">\n\t\t\t\t\t<a href=\"https:\/\/memorystones.us\/es\/blog\/ideas-de-grabado-y-personalizacion\/como-crear-una-bonita-lapida-con-flores-para-tu-ser-querido\/\" rel=\"bookmark\">C\u00f3mo crear una bonita l\u00e1pida con flores para tu ser querido<\/a>\n\t\t\t\t<\/h3>\n\t\t\t\n\t\t\t\n\t\t\t\t\t\t\t\n\t\t\t\t\t\t\t\t\t<\/div>\n\t<\/div>\n<\/article>\n\n\t\t\t\t\t\t\t\t\t\t\t\n<article id=\"post-9939\" class=\"wd-post blog-design-masonry blog-post-loop blog-style-bg wd-col post-9939 post type-post status-publish format-standard hentry category-ideas-de-grabado-y-personalizacion\">\n\t<div class=\"wd-post-inner article-inner\">\n\t\t\n\t\t<div class=\"wd-post-content article-body-container\">\n\t\t\t\n\t\t\t\t\t\t\t<h3 class=\"wd-post-title wd-entities-title title post-title\">\n\t\t\t\t\t<a href=\"https:\/\/memorystones.us\/es\/blog\/ideas-de-grabado-y-personalizacion\/diseno-de-lapidas-personalizadas-de-estilo-tradicional-para-tu-familia\/\" rel=\"bookmark\">Dise\u00f1o de l\u00e1pidas personalizadas de estilo tradicional para tu familia<\/a>\n\t\t\t\t<\/h3>\n\t\t\t\n\t\t\t\n\t\t\t\t\t\t\t\n\t\t\t\t\t\t\t\t\t<\/div>\n\t<\/div>\n<\/article>\n\n\t\t\t\t\t\t\t\t\t\t\t\n<article id=\"post-9933\" class=\"wd-post blog-design-masonry blog-post-loop blog-style-bg wd-col post-9933 post type-post status-publish format-standard has-post-thumbnail hentry category-ideas-de-grabado-y-personalizacion\">\n\t<div class=\"wd-post-inner article-inner\">\n\t\t\t\t\t<div class=\"wd-post-thumb entry-header\">\n\t\t\t\t\t\t\t\t\t<div class=\"wd-post-img post-img-wrapp\">\n\t\t\t\t\t\t<img width=\"960\" height=\"1280\" src=\"https:\/\/memorystones.us\/wp-content\/uploads\/2025\/09\/photo_2025-09-25-19.36.13.jpeg\" class=\"attachment- size-\" alt=\"Gu\u00eda sobre l\u00e1pidas y placas funerarias personalizadas\" decoding=\"async\" loading=\"lazy\" srcset=\"https:\/\/memorystones.us\/wp-content\/uploads\/2025\/09\/photo_2025-09-25-19.36.13.jpeg 960w, https:\/\/memorystones.us\/wp-content\/uploads\/2025\/09\/photo_2025-09-25-19.36.13-150x200.jpeg 150w, https:\/\/memorystones.us\/wp-content\/uploads\/2025\/09\/photo_2025-09-25-19.36.13-600x800.jpeg 600w, https:\/\/memorystones.us\/wp-content\/uploads\/2025\/09\/photo_2025-09-25-19.36.13-225x300.jpeg 225w, https:\/\/memorystones.us\/wp-content\/uploads\/2025\/09\/photo_2025-09-25-19.36.13-768x1024.jpeg 768w\" sizes=\"auto, (max-width: 960px) 100vw, 960px\" \/>\t\t\t\t\t<\/div>\n\t\t\t\t\t\t\t\t\t\t<a class=\"wd-fill\" tabindex=\"-1\" href=\"https:\/\/memorystones.us\/es\/blog\/ideas-de-grabado-y-personalizacion\/guia-sobre-lapidas-y-placas-funerarias-personalizadas\/\" aria-label=\"Link on post Gu\u00eda sobre l\u00e1pidas y placas funerarias personalizadas\"><\/a>\n\t\t\t\t\n\t\t\t\t\t\t\t<\/div>\n\t\t\n\t\t<div class=\"wd-post-content article-body-container\">\n\t\t\t\n\t\t\t\t\t\t\t<h3 class=\"wd-post-title wd-entities-title title post-title\">\n\t\t\t\t\t<a href=\"https:\/\/memorystones.us\/es\/blog\/ideas-de-grabado-y-personalizacion\/guia-sobre-lapidas-y-placas-funerarias-personalizadas\/\" rel=\"bookmark\">Gu\u00eda sobre l\u00e1pidas y placas funerarias personalizadas<\/a>\n\t\t\t\t<\/h3>\n\t\t\t\n\t\t\t\n\t\t\t\t\t\t\t\n\t\t\t\t\t\t\t\t\t<\/div>\n\t<\/div>\n<\/article>\n\n\t\t\t\t\t\t\t\t\t\t\t\n<article id=\"post-9927\" class=\"wd-post blog-design-masonry blog-post-loop blog-style-bg wd-col post-9927 post type-post status-publish format-standard has-post-thumbnail hentry category-ideas-de-grabado-y-personalizacion category-guias-para-comprar-lapidas\">\n\t<div class=\"wd-post-inner article-inner\">\n\t\t\t\t\t<div class=\"wd-post-thumb entry-header\">\n\t\t\t\t\t\t\t\t\t<div class=\"wd-post-img post-img-wrapp\">\n\t\t\t\t\t\t<img width=\"820\" height=\"820\" src=\"https:\/\/memorystones.us\/wp-content\/uploads\/2026\/03\/img-4.png\" class=\"attachment- size-\" alt=\"Hand-sculpted angel memorial statue with detailed wing carving\" decoding=\"async\" loading=\"lazy\" srcset=\"https:\/\/memorystones.us\/wp-content\/uploads\/2026\/03\/img-4.png 820w, https:\/\/memorystones.us\/wp-content\/uploads\/2026\/03\/img-4-300x300.png 300w, https:\/\/memorystones.us\/wp-content\/uploads\/2026\/03\/img-4-150x150.png 150w, https:\/\/memorystones.us\/wp-content\/uploads\/2026\/03\/img-4-768x768.png 768w, https:\/\/memorystones.us\/wp-content\/uploads\/2026\/03\/img-4-600x600.png 600w\" sizes=\"auto, (max-width: 820px) 100vw, 820px\" \/>\t\t\t\t\t<\/div>\n\t\t\t\t\t\t\t\t\t\t<a class=\"wd-fill\" tabindex=\"-1\" href=\"https:\/\/memorystones.us\/es\/blog\/ideas-de-grabado-y-personalizacion\/fabricacion-de-lapidas-de-granito-a-medida-para-tumbas\/\" aria-label=\"Link on post Fabricaci\u00f3n de l\u00e1pidas de granito a medida para tumbas\"><\/a>\n\t\t\t\t\n\t\t\t\t\t\t\t<\/div>\n\t\t\n\t\t<div class=\"wd-post-content article-body-container\">\n\t\t\t\n\t\t\t\t\t\t\t<h3 class=\"wd-post-title wd-entities-title title post-title\">\n\t\t\t\t\t<a href=\"https:\/\/memorystones.us\/es\/blog\/ideas-de-grabado-y-personalizacion\/fabricacion-de-lapidas-de-granito-a-medida-para-tumbas\/\" rel=\"bookmark\">Fabricaci\u00f3n de l\u00e1pidas de granito a medida para tumbas<\/a>\n\t\t\t\t<\/h3>\n\t\t\t\n\t\t\t\n\t\t\t\t\t\t\t\n\t\t\t\t\t\t\t\t\t<\/div>\n\t<\/div>\n<\/article>\n\n\t\t\t\t\t\n\t\t\t\t\t","status":"have-posts","nextPage":"https:\/\/memorystones.us\/es\/blog\/category\/ideas-de-grabado-y-personalizacion\/page\/3\/?woo_ajax=1","currentPage":"https:\/\/memorystones.us\/es\/blog\/category\/ideas-de-grabado-y-personalizacion\/page\/2\/"}