
			
				

					
				

			
		{"items":"\n\t\t\t\t\t\t\t\t\t\t\t\n<article id=\"post-10306\" class=\"wd-post blog-design-masonry blog-post-loop blog-style-bg wd-col post-10306 post type-post status-publish format-standard has-post-thumbnail hentry category-ideas-de-grabado-y-personalizacion\">\n\t<div class=\"wd-post-inner article-inner\">\n\t\t\t\t\t<div class=\"wd-post-thumb entry-header\">\n\t\t\t\t\t\t\t\t\t<div class=\"wd-post-img post-img-wrapp\">\n\t\t\t\t\t\t<img width=\"2560\" height=\"1714\" src=\"https:\/\/memorystones.us\/wp-content\/uploads\/2026\/01\/photo-1630427298884-8ba1cd1bd848-scaled.jpeg\" class=\"attachment- size-\" alt=\"Prestaciones del Departamento de Asuntos de Veteranos (VA) para l\u00e1pidas y l\u00e1pidas de veteranos m\u00e1s all\u00e1 de la placa oficial del Gobierno\" decoding=\"async\" fetchpriority=\"high\" srcset=\"https:\/\/memorystones.us\/wp-content\/uploads\/2026\/01\/photo-1630427298884-8ba1cd1bd848-scaled.jpeg 2560w, https:\/\/memorystones.us\/wp-content\/uploads\/2026\/01\/photo-1630427298884-8ba1cd1bd848-300x201.jpeg 300w, https:\/\/memorystones.us\/wp-content\/uploads\/2026\/01\/photo-1630427298884-8ba1cd1bd848-1024x685.jpeg 1024w, https:\/\/memorystones.us\/wp-content\/uploads\/2026\/01\/photo-1630427298884-8ba1cd1bd848-768x514.jpeg 768w, https:\/\/memorystones.us\/wp-content\/uploads\/2026\/01\/photo-1630427298884-8ba1cd1bd848-1536x1028.jpeg 1536w, https:\/\/memorystones.us\/wp-content\/uploads\/2026\/01\/photo-1630427298884-8ba1cd1bd848-2048x1371.jpeg 2048w, https:\/\/memorystones.us\/wp-content\/uploads\/2026\/01\/photo-1630427298884-8ba1cd1bd848-600x402.jpeg 600w, https:\/\/memorystones.us\/wp-content\/uploads\/2026\/01\/photo-1630427298884-8ba1cd1bd848-150x100.jpeg 150w\" sizes=\"(max-width: 2560px) 100vw, 2560px\" \/>\t\t\t\t\t<\/div>\n\t\t\t\t\t\t\t\t\t\t<a class=\"wd-fill\" tabindex=\"-1\" href=\"https:\/\/memorystones.us\/es\/blog\/ideas-de-grabado-y-personalizacion\/prestaciones-del-departamento-de-asuntos-de-veteranos-va-para-lapidas-y-lapidas-de-veteranos-mas-alla-de-la-placa-oficial-del-gobierno\/\" aria-label=\"Link on post Prestaciones del Departamento de Asuntos de Veteranos (VA) para l\u00e1pidas y l\u00e1pidas de veteranos m\u00e1s all\u00e1 de la placa oficial del Gobierno\"><\/a>\n\t\t\t\t\n\t\t\t\t\t\t\t<\/div>\n\t\t\n\t\t<div class=\"wd-post-content article-body-container\">\n\t\t\t\n\t\t\t\t\t\t\t<h3 class=\"wd-post-title wd-entities-title title post-title\">\n\t\t\t\t\t<a href=\"https:\/\/memorystones.us\/es\/blog\/ideas-de-grabado-y-personalizacion\/prestaciones-del-departamento-de-asuntos-de-veteranos-va-para-lapidas-y-lapidas-de-veteranos-mas-alla-de-la-placa-oficial-del-gobierno\/\" rel=\"bookmark\">Prestaciones del Departamento de Asuntos de Veteranos (VA) para l\u00e1pidas y l\u00e1pidas de veteranos m\u00e1s all\u00e1 de la placa oficial del Gobierno<\/a>\n\t\t\t\t<\/h3>\n\t\t\t\n\t\t\t\n\t\t\t\t\t\t\t\n\t\t\t\t\t\t\t\t\t<\/div>\n\t<\/div>\n<\/article>\n\n\t\t\t\t\t\t\t\t\t\t\t\n<article id=\"post-10300\" class=\"wd-post blog-design-masonry blog-post-loop blog-style-bg wd-col post-10300 post type-post status-publish format-standard has-post-thumbnail hentry category-ideas-de-grabado-y-personalizacion\">\n\t<div class=\"wd-post-inner article-inner\">\n\t\t\t\t\t<div class=\"wd-post-thumb entry-header\">\n\t\t\t\t\t\t\t\t\t<div class=\"wd-post-img post-img-wrapp\">\n\t\t\t\t\t\t<img width=\"286\" height=\"213\" src=\"https:\/\/memorystones.us\/wp-content\/uploads\/2026\/07\/qr-code-for-headstones-explained-by-people-who-install-them.jpg\" class=\"attachment- size-\" alt=\"Los c\u00f3digos QR para l\u00e1pidas, explicados por quienes los instalan\" decoding=\"async\" srcset=\"https:\/\/memorystones.us\/wp-content\/uploads\/2026\/07\/qr-code-for-headstones-explained-by-people-who-install-them.jpg 286w, https:\/\/memorystones.us\/wp-content\/uploads\/2026\/07\/qr-code-for-headstones-explained-by-people-who-install-them-150x112.jpg 150w\" sizes=\"(max-width: 286px) 100vw, 286px\" \/>\t\t\t\t\t<\/div>\n\t\t\t\t\t\t\t\t\t\t<a class=\"wd-fill\" tabindex=\"-1\" href=\"https:\/\/memorystones.us\/es\/blog\/ideas-de-grabado-y-personalizacion\/los-codigos-qr-para-lapidas-explicados-por-quienes-los-instalan\/\" aria-label=\"Link on post Los c\u00f3digos QR para l\u00e1pidas, explicados por quienes los instalan\"><\/a>\n\t\t\t\t\n\t\t\t\t\t\t\t<\/div>\n\t\t\n\t\t<div class=\"wd-post-content article-body-container\">\n\t\t\t\n\t\t\t\t\t\t\t<h3 class=\"wd-post-title wd-entities-title title post-title\">\n\t\t\t\t\t<a href=\"https:\/\/memorystones.us\/es\/blog\/ideas-de-grabado-y-personalizacion\/los-codigos-qr-para-lapidas-explicados-por-quienes-los-instalan\/\" rel=\"bookmark\">Los c\u00f3digos QR para l\u00e1pidas, explicados por quienes los instalan<\/a>\n\t\t\t\t<\/h3>\n\t\t\t\n\t\t\t\n\t\t\t\t\t\t\t\n\t\t\t\t\t\t\t\t\t<\/div>\n\t<\/div>\n<\/article>\n\n\t\t\t\t\t\t\t\t\t\t\t\n<article id=\"post-10283\" class=\"wd-post blog-design-masonry blog-post-loop blog-style-bg wd-col post-10283 post type-post status-publish format-standard has-post-thumbnail hentry category-ideas-de-grabado-y-personalizacion\">\n\t<div class=\"wd-post-inner article-inner\">\n\t\t\t\t\t<div class=\"wd-post-thumb entry-header\">\n\t\t\t\t\t\t\t\t\t<div class=\"wd-post-img post-img-wrapp\">\n\t\t\t\t\t\t<img width=\"1024\" height=\"572\" src=\"https:\/\/memorystones.us\/wp-content\/uploads\/2026\/07\/mem71-03-1024x572-1.webp\" class=\"attachment- size-\" alt=\"Dise\u00f1os de l\u00e1pidas para tres personas, para familias que descansan una al lado de la otra\" decoding=\"async\" srcset=\"https:\/\/memorystones.us\/wp-content\/uploads\/2026\/07\/mem71-03-1024x572-1.webp 1024w, https:\/\/memorystones.us\/wp-content\/uploads\/2026\/07\/mem71-03-1024x572-1-300x168.webp 300w, https:\/\/memorystones.us\/wp-content\/uploads\/2026\/07\/mem71-03-1024x572-1-768x429.webp 768w, https:\/\/memorystones.us\/wp-content\/uploads\/2026\/07\/mem71-03-1024x572-1-600x335.webp 600w, https:\/\/memorystones.us\/wp-content\/uploads\/2026\/07\/mem71-03-1024x572-1-150x84.webp 150w\" sizes=\"(max-width: 1024px) 100vw, 1024px\" \/>\t\t\t\t\t<\/div>\n\t\t\t\t\t\t\t\t\t\t<a class=\"wd-fill\" tabindex=\"-1\" href=\"https:\/\/memorystones.us\/es\/blog\/ideas-de-grabado-y-personalizacion\/disenos-de-lapidas-para-tres-personas-para-familias-que-descansan-una-al-lado-de-la-otra\/\" aria-label=\"Link on post Dise\u00f1os de l\u00e1pidas para tres personas, para familias que descansan una al lado de la otra\"><\/a>\n\t\t\t\t\n\t\t\t\t\t\t\t<\/div>\n\t\t\n\t\t<div class=\"wd-post-content article-body-container\">\n\t\t\t\n\t\t\t\t\t\t\t<h3 class=\"wd-post-title wd-entities-title title post-title\">\n\t\t\t\t\t<a href=\"https:\/\/memorystones.us\/es\/blog\/ideas-de-grabado-y-personalizacion\/disenos-de-lapidas-para-tres-personas-para-familias-que-descansan-una-al-lado-de-la-otra\/\" rel=\"bookmark\">Dise\u00f1os de l\u00e1pidas para tres personas, para familias que descansan una al lado de la otra<\/a>\n\t\t\t\t<\/h3>\n\t\t\t\n\t\t\t\n\t\t\t\t\t\t\t\n\t\t\t\t\t\t\t\t\t<\/div>\n\t<\/div>\n<\/article>\n\n\t\t\t\t\t\t\t\t\t\t\t\n<article id=\"post-10274\" class=\"wd-post blog-design-masonry blog-post-loop blog-style-bg wd-col post-10274 post type-post status-publish format-standard has-post-thumbnail hentry category-ideas-de-grabado-y-personalizacion\">\n\t<div class=\"wd-post-inner article-inner\">\n\t\t\t\t\t<div class=\"wd-post-thumb entry-header\">\n\t\t\t\t\t\t\t\t\t<div class=\"wd-post-img post-img-wrapp\">\n\t\t\t\t\t\t<img width=\"1920\" height=\"1556\" src=\"https:\/\/memorystones.us\/wp-content\/uploads\/2025\/11\/b02.16773.1.jpg\" class=\"attachment- size-\" alt=\"L\u00e1pidas personalizadas que dicen m\u00e1s que un nombre y dos fechas\" decoding=\"async\" loading=\"lazy\" srcset=\"https:\/\/memorystones.us\/wp-content\/uploads\/2025\/11\/b02.16773.1.jpg 1920w, https:\/\/memorystones.us\/wp-content\/uploads\/2025\/11\/b02.16773.1-300x243.jpg 300w, https:\/\/memorystones.us\/wp-content\/uploads\/2025\/11\/b02.16773.1-1024x830.jpg 1024w, https:\/\/memorystones.us\/wp-content\/uploads\/2025\/11\/b02.16773.1-768x622.jpg 768w, https:\/\/memorystones.us\/wp-content\/uploads\/2025\/11\/b02.16773.1-1536x1245.jpg 1536w, https:\/\/memorystones.us\/wp-content\/uploads\/2025\/11\/b02.16773.1-600x486.jpg 600w, https:\/\/memorystones.us\/wp-content\/uploads\/2025\/11\/b02.16773.1-150x122.jpg 150w\" sizes=\"auto, (max-width: 1920px) 100vw, 1920px\" \/>\t\t\t\t\t<\/div>\n\t\t\t\t\t\t\t\t\t\t<a class=\"wd-fill\" tabindex=\"-1\" href=\"https:\/\/memorystones.us\/es\/blog\/ideas-de-grabado-y-personalizacion\/lapidas-personalizadas-que-dicen-mas-que-un-nombre-y-dos-fechas\/\" aria-label=\"Link on post L\u00e1pidas personalizadas que dicen m\u00e1s que un nombre y dos fechas\"><\/a>\n\t\t\t\t\n\t\t\t\t\t\t\t<\/div>\n\t\t\n\t\t<div class=\"wd-post-content article-body-container\">\n\t\t\t\n\t\t\t\t\t\t\t<h3 class=\"wd-post-title wd-entities-title title post-title\">\n\t\t\t\t\t<a href=\"https:\/\/memorystones.us\/es\/blog\/ideas-de-grabado-y-personalizacion\/lapidas-personalizadas-que-dicen-mas-que-un-nombre-y-dos-fechas\/\" rel=\"bookmark\">L\u00e1pidas personalizadas que dicen m\u00e1s que un nombre y dos fechas<\/a>\n\t\t\t\t<\/h3>\n\t\t\t\n\t\t\t\n\t\t\t\t\t\t\t\n\t\t\t\t\t\t\t\t\t<\/div>\n\t<\/div>\n<\/article>\n\n\t\t\t\t\t\t\t\t\t\t\t\n<article id=\"post-10344\" class=\"wd-post blog-design-masonry blog-post-loop blog-style-bg wd-col post-10344 post type-post status-publish format-standard has-post-thumbnail hentry category-ideas-de-grabado-y-personalizacion\">\n\t<div class=\"wd-post-inner article-inner\">\n\t\t\t\t\t<div class=\"wd-post-thumb entry-header\">\n\t\t\t\t\t\t\t\t\t<div class=\"wd-post-img post-img-wrapp\">\n\t\t\t\t\t\t<img width=\"1402\" height=\"1122\" src=\"https:\/\/memorystones.us\/wp-content\/uploads\/2026\/04\/29-\u0430\u043f\u0440.-2026-\u0433.-19_11_05.png\" class=\"attachment- size-\" alt=\"Respuestas a preguntas sobre el curso \u00abTipograf\u00edas para l\u00e1pidas en las que conf\u00eda un tallador de piedra\u00bb\" decoding=\"async\" loading=\"lazy\" srcset=\"https:\/\/memorystones.us\/wp-content\/uploads\/2026\/04\/29-\u0430\u043f\u0440.-2026-\u0433.-19_11_05.png 1402w, https:\/\/memorystones.us\/wp-content\/uploads\/2026\/04\/29-\u0430\u043f\u0440.-2026-\u0433.-19_11_05-300x240.png 300w, https:\/\/memorystones.us\/wp-content\/uploads\/2026\/04\/29-\u0430\u043f\u0440.-2026-\u0433.-19_11_05-1024x819.png 1024w, https:\/\/memorystones.us\/wp-content\/uploads\/2026\/04\/29-\u0430\u043f\u0440.-2026-\u0433.-19_11_05-768x615.png 768w, https:\/\/memorystones.us\/wp-content\/uploads\/2026\/04\/29-\u0430\u043f\u0440.-2026-\u0433.-19_11_05-600x480.png 600w, https:\/\/memorystones.us\/wp-content\/uploads\/2026\/04\/29-\u0430\u043f\u0440.-2026-\u0433.-19_11_05-150x120.png 150w\" sizes=\"auto, (max-width: 1402px) 100vw, 1402px\" \/>\t\t\t\t\t<\/div>\n\t\t\t\t\t\t\t\t\t\t<a class=\"wd-fill\" tabindex=\"-1\" href=\"https:\/\/memorystones.us\/es\/blog\/ideas-de-grabado-y-personalizacion\/respuestas-a-preguntas-sobre-el-curso-tipografias-para-lapidas-en-las-que-confia-un-tallador-de-piedra\/\" aria-label=\"Link on post Respuestas a preguntas sobre el curso \u00abTipograf\u00edas para l\u00e1pidas en las que conf\u00eda un tallador de piedra\u00bb\"><\/a>\n\t\t\t\t\n\t\t\t\t\t\t\t<\/div>\n\t\t\n\t\t<div class=\"wd-post-content article-body-container\">\n\t\t\t\n\t\t\t\t\t\t\t<h3 class=\"wd-post-title wd-entities-title title post-title\">\n\t\t\t\t\t<a href=\"https:\/\/memorystones.us\/es\/blog\/ideas-de-grabado-y-personalizacion\/respuestas-a-preguntas-sobre-el-curso-tipografias-para-lapidas-en-las-que-confia-un-tallador-de-piedra\/\" rel=\"bookmark\">Respuestas a preguntas sobre el curso \u00abTipograf\u00edas para l\u00e1pidas en las que conf\u00eda un tallador de piedra\u00bb<\/a>\n\t\t\t\t<\/h3>\n\t\t\t\n\t\t\t\n\t\t\t\t\t\t\t\n\t\t\t\t\t\t\t\t\t<\/div>\n\t<\/div>\n<\/article>\n\n\t\t\t\t\t\t\t\t\t\t\t\n<article id=\"post-10065\" class=\"wd-post blog-design-masonry blog-post-loop blog-style-bg wd-col post-10065 post type-post status-publish format-standard has-post-thumbnail hentry category-cuidado-y-mantenimiento-de-memoriales\">\n\t<div class=\"wd-post-inner article-inner\">\n\t\t\t\t\t<div class=\"wd-post-thumb entry-header\">\n\t\t\t\t\t\t\t\t\t<div class=\"wd-post-img post-img-wrapp\">\n\t\t\t\t\t\t<img width=\"960\" height=\"1280\" src=\"https:\/\/memorystones.us\/wp-content\/uploads\/2025\/09\/photo_2025-09-25-19.36.14.jpeg\" class=\"attachment- size-\" alt=\"C\u00f3mo limpiar una l\u00e1pida y una tumba\" decoding=\"async\" loading=\"lazy\" srcset=\"https:\/\/memorystones.us\/wp-content\/uploads\/2025\/09\/photo_2025-09-25-19.36.14.jpeg 960w, https:\/\/memorystones.us\/wp-content\/uploads\/2025\/09\/photo_2025-09-25-19.36.14-150x200.jpeg 150w, https:\/\/memorystones.us\/wp-content\/uploads\/2025\/09\/photo_2025-09-25-19.36.14-600x800.jpeg 600w, https:\/\/memorystones.us\/wp-content\/uploads\/2025\/09\/photo_2025-09-25-19.36.14-225x300.jpeg 225w, https:\/\/memorystones.us\/wp-content\/uploads\/2025\/09\/photo_2025-09-25-19.36.14-768x1024.jpeg 768w\" sizes=\"auto, (max-width: 960px) 100vw, 960px\" \/>\t\t\t\t\t<\/div>\n\t\t\t\t\t\t\t\t\t\t<a class=\"wd-fill\" tabindex=\"-1\" href=\"https:\/\/memorystones.us\/es\/blog\/cuidado-y-mantenimiento-de-memoriales\/como-limpiar-una-lapida-y-una-tumba\/\" aria-label=\"Link on post C\u00f3mo limpiar una l\u00e1pida y una tumba\"><\/a>\n\t\t\t\t\n\t\t\t\t\t\t\t<\/div>\n\t\t\n\t\t<div class=\"wd-post-content article-body-container\">\n\t\t\t\n\t\t\t\t\t\t\t<h3 class=\"wd-post-title wd-entities-title title post-title\">\n\t\t\t\t\t<a href=\"https:\/\/memorystones.us\/es\/blog\/cuidado-y-mantenimiento-de-memoriales\/como-limpiar-una-lapida-y-una-tumba\/\" rel=\"bookmark\">C\u00f3mo limpiar una l\u00e1pida y una tumba<\/a>\n\t\t\t\t<\/h3>\n\t\t\t\n\t\t\t\n\t\t\t\t\t\t\t\n\t\t\t\t\t\t\t\t\t<\/div>\n\t<\/div>\n<\/article>\n\n\t\t\t\t\t\t\t\t\t\t\t\n<article id=\"post-10056\" class=\"wd-post blog-design-masonry blog-post-loop blog-style-bg wd-col post-10056 post type-post status-publish format-standard has-post-thumbnail hentry category-ideas-de-grabado-y-personalizacion\">\n\t<div class=\"wd-post-inner article-inner\">\n\t\t\t\t\t<div class=\"wd-post-thumb entry-header\">\n\t\t\t\t\t\t\t\t\t<div class=\"wd-post-img post-img-wrapp\">\n\t\t\t\t\t\t<img width=\"1254\" height=\"1254\" src=\"https:\/\/memorystones.us\/wp-content\/uploads\/2026\/05\/photo_2026-05-05_16-44-15.jpg\" class=\"attachment- size-\" alt=\"Dise\u00f1os personalizados de l\u00e1pidas y placas conmemorativas\" decoding=\"async\" loading=\"lazy\" srcset=\"https:\/\/memorystones.us\/wp-content\/uploads\/2026\/05\/photo_2026-05-05_16-44-15.jpg 1254w, https:\/\/memorystones.us\/wp-content\/uploads\/2026\/05\/photo_2026-05-05_16-44-15-300x300.jpg 300w, https:\/\/memorystones.us\/wp-content\/uploads\/2026\/05\/photo_2026-05-05_16-44-15-1024x1024.jpg 1024w, https:\/\/memorystones.us\/wp-content\/uploads\/2026\/05\/photo_2026-05-05_16-44-15-150x150.jpg 150w, https:\/\/memorystones.us\/wp-content\/uploads\/2026\/05\/photo_2026-05-05_16-44-15-768x768.jpg 768w, https:\/\/memorystones.us\/wp-content\/uploads\/2026\/05\/photo_2026-05-05_16-44-15-600x600.jpg 600w\" sizes=\"auto, (max-width: 1254px) 100vw, 1254px\" \/>\t\t\t\t\t<\/div>\n\t\t\t\t\t\t\t\t\t\t<a class=\"wd-fill\" tabindex=\"-1\" href=\"https:\/\/memorystones.us\/es\/blog\/ideas-de-grabado-y-personalizacion\/disenos-personalizados-de-lapidas-y-placas-conmemorativas\/\" aria-label=\"Link on post Dise\u00f1os personalizados de l\u00e1pidas y placas conmemorativas\"><\/a>\n\t\t\t\t\n\t\t\t\t\t\t\t<\/div>\n\t\t\n\t\t<div class=\"wd-post-content article-body-container\">\n\t\t\t\n\t\t\t\t\t\t\t<h3 class=\"wd-post-title wd-entities-title title post-title\">\n\t\t\t\t\t<a href=\"https:\/\/memorystones.us\/es\/blog\/ideas-de-grabado-y-personalizacion\/disenos-personalizados-de-lapidas-y-placas-conmemorativas\/\" rel=\"bookmark\">Dise\u00f1os personalizados de l\u00e1pidas y placas conmemorativas<\/a>\n\t\t\t\t<\/h3>\n\t\t\t\n\t\t\t\n\t\t\t\t\t\t\t\n\t\t\t\t\t\t\t\t\t<\/div>\n\t<\/div>\n<\/article>\n\n\t\t\t\t\t\t\t\t\t\t\t\n<article id=\"post-10050\" class=\"wd-post blog-design-masonry blog-post-loop blog-style-bg wd-col post-10050 post type-post status-publish format-standard hentry category-ideas-de-grabado-y-personalizacion\">\n\t<div class=\"wd-post-inner article-inner\">\n\t\t\n\t\t<div class=\"wd-post-content article-body-container\">\n\t\t\t\n\t\t\t\t\t\t\t<h3 class=\"wd-post-title wd-entities-title title post-title\">\n\t\t\t\t\t<a href=\"https:\/\/memorystones.us\/es\/blog\/ideas-de-grabado-y-personalizacion\/grabado-de-lapidas-cerca-de-mi\/\" rel=\"bookmark\">Grabado de l\u00e1pidas cerca de m\u00ed<\/a>\n\t\t\t\t<\/h3>\n\t\t\t\n\t\t\t\n\t\t\t\t\t\t\t\n\t\t\t\t\t\t\t\t\t<\/div>\n\t<\/div>\n<\/article>\n\n\t\t\t\t\t\t\t\t\t\t\t\n<article id=\"post-10042\" class=\"wd-post blog-design-masonry blog-post-loop blog-style-bg wd-col post-10042 post type-post status-publish format-standard has-post-thumbnail hentry category-ideas-de-grabado-y-personalizacion\">\n\t<div class=\"wd-post-inner article-inner\">\n\t\t\t\t\t<div class=\"wd-post-thumb entry-header\">\n\t\t\t\t\t\t\t\t\t<div class=\"wd-post-img post-img-wrapp\">\n\t\t\t\t\t\t<img width=\"1254\" height=\"1254\" src=\"https:\/\/memorystones.us\/wp-content\/uploads\/2026\/02\/Angel-shape-headstones.jpg\" class=\"attachment- size-\" alt=\"Ideas para l\u00e1pidas personalizadas e inspiraci\u00f3n para el dise\u00f1o de monumentos conmemorativos\" decoding=\"async\" loading=\"lazy\" srcset=\"https:\/\/memorystones.us\/wp-content\/uploads\/2026\/02\/Angel-shape-headstones.jpg 1254w, https:\/\/memorystones.us\/wp-content\/uploads\/2026\/02\/Angel-shape-headstones-300x300.jpg 300w, https:\/\/memorystones.us\/wp-content\/uploads\/2026\/02\/Angel-shape-headstones-1024x1024.jpg 1024w, https:\/\/memorystones.us\/wp-content\/uploads\/2026\/02\/Angel-shape-headstones-150x150.jpg 150w, https:\/\/memorystones.us\/wp-content\/uploads\/2026\/02\/Angel-shape-headstones-768x768.jpg 768w, https:\/\/memorystones.us\/wp-content\/uploads\/2026\/02\/Angel-shape-headstones-600x600.jpg 600w\" sizes=\"auto, (max-width: 1254px) 100vw, 1254px\" \/>\t\t\t\t\t<\/div>\n\t\t\t\t\t\t\t\t\t\t<a class=\"wd-fill\" tabindex=\"-1\" href=\"https:\/\/memorystones.us\/es\/blog\/ideas-de-grabado-y-personalizacion\/ideas-para-lapidas-personalizadas-e-inspiracion-para-el-diseno-de-monumentos-conmemorativos\/\" aria-label=\"Link on post Ideas para l\u00e1pidas personalizadas e inspiraci\u00f3n para el dise\u00f1o de monumentos conmemorativos\"><\/a>\n\t\t\t\t\n\t\t\t\t\t\t\t<\/div>\n\t\t\n\t\t<div class=\"wd-post-content article-body-container\">\n\t\t\t\n\t\t\t\t\t\t\t<h3 class=\"wd-post-title wd-entities-title title post-title\">\n\t\t\t\t\t<a href=\"https:\/\/memorystones.us\/es\/blog\/ideas-de-grabado-y-personalizacion\/ideas-para-lapidas-personalizadas-e-inspiracion-para-el-diseno-de-monumentos-conmemorativos\/\" rel=\"bookmark\">Ideas para l\u00e1pidas personalizadas e inspiraci\u00f3n para el dise\u00f1o de monumentos conmemorativos<\/a>\n\t\t\t\t<\/h3>\n\t\t\t\n\t\t\t\n\t\t\t\t\t\t\t\n\t\t\t\t\t\t\t\t\t<\/div>\n\t<\/div>\n<\/article>\n\n\t\t\t\t\t\t\t\t\t\t\t\n<article id=\"post-10028\" class=\"wd-post blog-design-masonry blog-post-loop blog-style-bg wd-col post-10028 post type-post status-publish format-standard has-post-thumbnail hentry category-ideas-de-grabado-y-personalizacion category-como-elegir-el-material-adecuado\">\n\t<div class=\"wd-post-inner article-inner\">\n\t\t\t\t\t<div class=\"wd-post-thumb entry-header\">\n\t\t\t\t\t\t\t\t\t<div class=\"wd-post-img post-img-wrapp\">\n\t\t\t\t\t\t<img width=\"1024\" height=\"1024\" src=\"https:\/\/memorystones.us\/wp-content\/uploads\/2026\/03\/granite-headstone-in-a-serene-cemetery-setting-highlighting-durability-and-beauty-8553f08d-1588-41a6-89f8-0f9ab50d1d52.jpg\" class=\"attachment- size-\" alt=\"Lifespan of Affordable Headstones\" decoding=\"async\" loading=\"lazy\" srcset=\"https:\/\/memorystones.us\/wp-content\/uploads\/2026\/03\/granite-headstone-in-a-serene-cemetery-setting-highlighting-durability-and-beauty-8553f08d-1588-41a6-89f8-0f9ab50d1d52.jpg 1024w, https:\/\/memorystones.us\/wp-content\/uploads\/2026\/03\/granite-headstone-in-a-serene-cemetery-setting-highlighting-durability-and-beauty-8553f08d-1588-41a6-89f8-0f9ab50d1d52-300x300.jpg 300w, https:\/\/memorystones.us\/wp-content\/uploads\/2026\/03\/granite-headstone-in-a-serene-cemetery-setting-highlighting-durability-and-beauty-8553f08d-1588-41a6-89f8-0f9ab50d1d52-150x150.jpg 150w, https:\/\/memorystones.us\/wp-content\/uploads\/2026\/03\/granite-headstone-in-a-serene-cemetery-setting-highlighting-durability-and-beauty-8553f08d-1588-41a6-89f8-0f9ab50d1d52-768x768.jpg 768w, https:\/\/memorystones.us\/wp-content\/uploads\/2026\/03\/granite-headstone-in-a-serene-cemetery-setting-highlighting-durability-and-beauty-8553f08d-1588-41a6-89f8-0f9ab50d1d52-600x600.jpg 600w\" sizes=\"auto, (max-width: 1024px) 100vw, 1024px\" \/>\t\t\t\t\t<\/div>\n\t\t\t\t\t\t\t\t\t\t<a class=\"wd-fill\" tabindex=\"-1\" href=\"https:\/\/memorystones.us\/es\/blog\/ideas-de-grabado-y-personalizacion\/imagenes-de-lapidas-personalizadas\/\" aria-label=\"Link on post Im\u00e1genes de l\u00e1pidas personalizadas\"><\/a>\n\t\t\t\t\n\t\t\t\t\t\t\t<\/div>\n\t\t\n\t\t<div class=\"wd-post-content article-body-container\">\n\t\t\t\n\t\t\t\t\t\t\t<h3 class=\"wd-post-title wd-entities-title title post-title\">\n\t\t\t\t\t<a href=\"https:\/\/memorystones.us\/es\/blog\/ideas-de-grabado-y-personalizacion\/imagenes-de-lapidas-personalizadas\/\" rel=\"bookmark\">Im\u00e1genes de l\u00e1pidas personalizadas<\/a>\n\t\t\t\t<\/h3>\n\t\t\t\n\t\t\t\n\t\t\t\t\t\t\t\n\t\t\t\t\t\t\t\t\t<\/div>\n\t<\/div>\n<\/article>\n\n\t\t\t\t\t\n\t\t\t\t\t","status":"have-posts","nextPage":"https:\/\/memorystones.us\/es\/blog\/author\/seooneuagmail-com\/page\/3\/?woo_ajax=1","currentPage":"https:\/\/memorystones.us\/es\/blog\/author\/seooneuagmail-com\/page\/2\/"}